{"id":1179,"date":"2023-04-03T15:27:45","date_gmt":"2023-04-03T19:27:45","guid":{"rendered":"https:\/\/www.nativafmcuiaba.com.br\/?p=1179"},"modified":"2023-04-03T15:40:02","modified_gmt":"2023-04-03T19:40:02","slug":"ana-castela-e-gustavo-mioto-assumem-romance-apos-flagra","status":"publish","type":"post","link":"https:\/\/www.nativafmcuiaba.com.br\/index.php\/2023\/04\/03\/ana-castela-e-gustavo-mioto-assumem-romance-apos-flagra\/","title":{"rendered":"Ana Castela e Gustavo Mioto assumem romance ap\u00f3s flagra"},"content":{"rendered":"<p>Depois de viajar para o Paraguai para ver a fam\u00edlia de\u00a0<strong>Ana Castela<\/strong>,\u00a0<strong>Gustavo Mioto<\/strong>\u00a0declarou viver um romance com ela. Em uma entrevista concedida ao R7, o cantor sertanejo admitiu que est\u00e1\u00a0<a href=\"https:\/\/movimentocountry.com\/ana-castela-namoro-gustavo-mioto\/\" target=\"_blank\" rel=\"noopener\">conhecendo melhor a famosa<\/a>, mas declarou n\u00e3o possuem r\u00f3tulos.<\/p>\n<p><em>\u201cEu nem gosto muito da Ana. Eu acho ela super arrogante\u201d,<\/em>\u00a0disparou Gustavo Mioto ao brincar com situa\u00e7\u00e3o.<em>\u00a0\u201cEu acho que \u00e9 mentira dele porque ele gosta muito de mim\u201d<\/em>, declarou Ana Castela ao gritar no fundo.<\/p>\n<p>Apesar de viverem um romance, o cantor sertanejo disse que eles n\u00e3o est\u00e3o namorando.\u00a0<em>\u201cA gente est\u00e1 vivendo junto, mas sem r\u00f3tulos\u201d<\/em>, declarou o famoso.<\/p>\n<p>Al\u00e9m disso, Gustavo comentou sobre a viagem realizada para Paraguai. Ele informou que foi bem recebido pela fam\u00edlia de Ana: <em>\u201cFoi uma viagem muito gostosa\u201d<\/em>.<\/p>\n<p>O cantor aproveitou para dizer que \u00e9 muito rom\u00e2ntico, tanto nas m\u00fasicas quanto na vida pessoal. <em>\u201cSou f\u00e3 das [m\u00fasicas] rom\u00e2nticas sempre. V\u00e3o ser sempre as que eu vou me emocionar mais, cantar e escrever mais. Na vida, sou emocionado. Mas eu tento ser o \u00faltimo dos rom\u00e2nticos. N\u00e3o me apaixono f\u00e1cil, mas quando eu come\u00e7o a gostar, eu tenho a tend\u00eancia a ser intenso\u201d<\/em>, declarou.<\/p>\n<figure id=\"attachment_1180\" aria-describedby=\"caption-attachment-1180\" style=\"width: 300px\" class=\"wp-caption alignnone\"><img decoding=\"async\" loading=\"lazy\" class=\"wp-image-1180 size-medium\" src=\"https:\/\/www.nativafmcuiaba.com.br\/wp-content\/uploads\/2023\/04\/gustavo-mioto-ana-castela-familia-300x200.jpg\" alt=\"Ana Castela apresentou o cantor para a fam\u00edlia (Foto: Reprodu\u00e7\u00e3o)\" width=\"300\" height=\"200\" srcset=\"https:\/\/www.nativafmcuiaba.com.br\/wp-content\/uploads\/2023\/04\/gustavo-mioto-ana-castela-familia-300x200.jpg 300w, https:\/\/www.nativafmcuiaba.com.br\/wp-content\/uploads\/2023\/04\/gustavo-mioto-ana-castela-familia-1024x683.jpg 1024w, https:\/\/www.nativafmcuiaba.com.br\/wp-content\/uploads\/2023\/04\/gustavo-mioto-ana-castela-familia-768x512.jpg 768w, https:\/\/www.nativafmcuiaba.com.br\/wp-content\/uploads\/2023\/04\/gustavo-mioto-ana-castela-familia-370x247.jpg 370w, https:\/\/www.nativafmcuiaba.com.br\/wp-content\/uploads\/2023\/04\/gustavo-mioto-ana-castela-familia-760x507.jpg 760w, https:\/\/www.nativafmcuiaba.com.br\/wp-content\/uploads\/2023\/04\/gustavo-mioto-ana-castela-familia.jpg 1200w\" sizes=\"(max-width: 300px) 100vw, 300px\" \/><figcaption id=\"caption-attachment-1180\" class=\"wp-caption-text\">Ana Castela apresentou o cantor para a fam\u00edlia (Foto: Reprodu\u00e7\u00e3o)<\/figcaption><\/figure>\n<h3>Ana Castela e Gustavo Mioto foram flagrados juntos aos beijos em festa<\/h3>\n<p>Conv\u00e9m destacar que o casal, ap\u00f3s\u00a0<a href=\"https:\/\/movimentocountry.com\/gustavo-mioto-abre-o-jogo-sobre-relacionamento-com-ana-castela\/\" target=\"_blank\" rel=\"noopener\">negar diversas vezes que tenham um relacionamento<\/a>, j\u00e1 foram flagrados juntos aos beijos durante uma festa.<\/p>\n<p>Segundo informa\u00e7\u00f5es do Jornal Extra, Gustavo Mioto e Ana Castela\u00a0<a href=\"https:\/\/movimentocountry.com\/gustavo-mioto-ana-castela-flagrados-aos-beijos\/\" target=\"_blank\" rel=\"noopener\">chegaram juntinhos para a festa de anivers\u00e1rio<\/a>\u00a0de 25 anos influenciadora Fl\u00e1via Pavanelli e n\u00e3o esconderam em suas redes sociais que passaram a noite na companhia um do outro.<\/p>\n<p>No local, o casal de sertanejos tirou fotos para uma ag\u00eancia e se dividiu entre curtir momentos a s\u00f3s e interagir com amigos. No entanto, segundo a administradora da p\u00e1gina Segue a Cami, que estava presente no local, as v\u00e1rias tentativas de Mioto e Ana Castela de \u2018parecer apenas amigos\u2019 foram por \u00e1gua abaixo.<\/p>\n<p>Isso porque a influenciadora contou em suas redes sociais que o casal teria sido flagrado aos beijos durante v\u00e1rios momentos da noite, o que acabou de vez por expor o relacionamento que\u00a0<strong>Ana Castela<\/strong>\u00a0e<strong>\u00a0Gustavo Mioto<\/strong>\u00a0tanto vinham negando nas \u00faltimas semanas.<\/p>\n<p>&nbsp;<\/p>\n<p>Fonte: https:\/\/movimentocountry.com\/ana-castela-gustavo-mioto-romance\/<\/p>\n","protected":false},"excerpt":{"rendered":"<p>Depois de viajar para o Paraguai para ver a fam\u00edlia de\u00a0Ana Castela,\u00a0Gustavo Mioto\u00a0declarou viver um romance com ela. Em uma entrevista concedida ao R7, o cantor sertanejo admitiu que est\u00e1\u00a0conhecendo melhor a famosa, mas declarou n\u00e3o possuem r\u00f3tulos. \u201cEu nem gosto muito da Ana. Eu acho ela super arrogante\u201d,\u00a0disparou Gustavo&hellip;<\/p>\n","protected":false},"author":990002,"featured_media":1181,"comment_status":"open","ping_status":"open","sticky":false,"template":"","format":"standard","meta":{"_mi_skip_tracking":false,"_exactmetrics_sitenote_active":false,"_exactmetrics_sitenote_note":"","_exactmetrics_sitenote_category":0,"_themeisle_gutenberg_block_has_review":false},"categories":[1],"tags":[70,71,72,73],"_links":{"self":[{"href":"https:\/\/www.nativafmcuiaba.com.br\/index.php\/wp-json\/wp\/v2\/posts\/1179"}],"collection":[{"href":"https:\/\/www.nativafmcuiaba.com.br\/index.php\/wp-json\/wp\/v2\/posts"}],"about":[{"href":"https:\/\/www.nativafmcuiaba.com.br\/index.php\/wp-json\/wp\/v2\/types\/post"}],"author":[{"embeddable":true,"href":"https:\/\/www.nativafmcuiaba.com.br\/index.php\/wp-json\/wp\/v2\/users\/990002"}],"replies":[{"embeddable":true,"href":"https:\/\/www.nativafmcuiaba.com.br\/index.php\/wp-json\/wp\/v2\/comments?post=1179"}],"version-history":[{"count":4,"href":"https:\/\/www.nativafmcuiaba.com.br\/index.php\/wp-json\/wp\/v2\/posts\/1179\/revisions"}],"predecessor-version":[{"id":1185,"href":"https:\/\/www.nativafmcuiaba.com.br\/index.php\/wp-json\/wp\/v2\/posts\/1179\/revisions\/1185"}],"wp:featuredmedia":[{"embeddable":true,"href":"https:\/\/www.nativafmcuiaba.com.br\/index.php\/wp-json\/wp\/v2\/media\/1181"}],"wp:attachment":[{"href":"https:\/\/www.nativafmcuiaba.com.br\/index.php\/wp-json\/wp\/v2\/media?parent=1179"}],"wp:term":[{"taxonomy":"category","embeddable":true,"href":"https:\/\/www.nativafmcuiaba.com.br\/index.php\/wp-json\/wp\/v2\/categories?post=1179"},{"taxonomy":"post_tag","embeddable":true,"href":"https:\/\/www.nativafmcuiaba.com.br\/index.php\/wp-json\/wp\/v2\/tags?post=1179"}],"curies":[{"name":"wp","href":"https:\/\/api.w.org\/{rel}","templated":true}]}}